{"id":728,"date":"2020-09-21T17:53:06","date_gmt":"2020-09-21T15:53:06","guid":{"rendered":"http:\/\/www.ilserveronline.net\/fdc2020\/?p=728"},"modified":"2021-09-17T20:27:02","modified_gmt":"2021-09-17T18:27:02","slug":"ghadaan-le-due-fondazioni-messinesi-rafforzano-le-alleanze-a-barca-il-premio-horcynus-orca","status":"publish","type":"post","link":"https:\/\/www.ilserveronline.net\/fdc2020\/2020\/09\/21\/ghadaan-le-due-fondazioni-messinesi-rafforzano-le-alleanze-a-barca-il-premio-horcynus-orca\/","title":{"rendered":"Ghadaan, le due Fondazioni messinesi rafforzano le alleanze. A Barca il premio Horcynus Orca"},"content":{"rendered":"<div align=\"justify\">\n<p>Ha preso il via <strong>Ghadaan<\/strong>, nuova edizione dell\u2019Horcynus Lab Festival, in corso al Parco Horcynus Orca di Capo Peloro fino al 23 settembre. Tre giorni di incontri e seminari, in cui si sta ragionando su un modello di sviluppo pi\u00f9 equo e sostenibile, una visione del domani (Ghadaan, in arabo, significa appunto \u201cdomani\u201d) allo stesso tempo \u201curgente, non rinviabile\u201d &#8211; ha detto Gaetano Giunta, Segretario Generale della Fondazione di Comunit\u00e0 di Messina che con la Fondazione Horcynus Orca organizza l\u2019evento &#8211; e\u00a0 di lunga prospettiva. Dai lavori e dalle riflessioni di questi giorni e dai workshop e seminari in programma fra l&#8217;autunno 2020 e la primavera 2021 nascer\u00e0, infatti, a ottobre 2021, il nuovo Piano Strategico della Fondazione di Comunit\u00e0, che ha appena festeggiato i suoi primi 10 anni.<\/p>\n<p>\u201cAbbiamo sulle spalle una responsabilit\u00e0 grandissima &#8211; ha spiegato Giunta nel presentare le linee su cui si articoler\u00e0 il piano strategico &#8211; che possiamo affrontare solo rafforzando le relazioni locali gi\u00e0 esistenti e aprendone di nuove a livello internazionale, specie con la sponda sud del Mediterraneo. Alleanze capaci di rispondere all\u2019urgenza posta dal cambiamento climatico e dalla crescita esponenziale di diseguaglianze, egoismi e utilitarismi. Alleanze capaci di proporre nuovi paradigmi economici e sociali che pongano limiti alle logiche del profitto e di offrire nuovi sistemi di conoscenza, nuovi modelli energetici e di governance locale e globale\u201d.<\/p>\n<p>Questa idea ha gi\u00e0 solidi alleati, presenti ai lavori del Festival in sala e in ascolto nelle dirette su Zoom e social network. Tra questi, Fabrizio Barca, ex Ministro della Coesione Territoriale e promotore del Forum Diseguaglianze Diversit\u00e0, di cui la Fondazione \u00e8 co-fondatrice, a cui ieri il Premio Horcynus Orca 2020, con una motivazione che riprende i temi del Festival: \u201cA Fabrizio Barca, con cui condividiamo il sogno di un Paese fondato sui grandi principi dell\u2019uguaglianza, della libert\u00e0 e della dignit\u00e0 dell\u2019uomo e l\u2019impegno a disegnare azioni collettive orientate a ridurre le diseguaglianze, a mitigare processi di mutamento climatico, a promuovere la giustizia sociale, a favorire il pieno sviluppo di ogni essere umano\u201d.<\/p>\n<p>Barca, presente al Festival, ha concentrato il suo intervento sulla necessit\u00e0 di agire per riuscire a trovare nei territori che le propongono \u201ce Messina \u00e8 tra questi\u201d\u00a0 le risposte a sfide che hanno carattere globale per poi essere capace di replicare queste soluzioni su livelli pi\u00f9 ampi.<\/p>\n<p>Sulla stessa linea l\u2019intervento di Carlo Borgomeo, presidente della Fondazione Con il Sud, che ha sottolineato la necessit\u00e0 di rispondere alle esigenze dei territori che presentano gap di sviluppo senza proporre soluzioni calate dall\u2019alto ma cercando di comprendere effettivamente quale sia la domanda, quali le necessit\u00e0, quali le difficolt\u00e0 e su questa comprensione appostare risorse e competenze.<\/p>\n<p>Al centro del primo ciclo di incontri dell&#8217;Horcynus Lab Festival &#8211;\u00a0 e di quelli previsti fra l&#8217;ottobre 20 e l&#8217;aprile 21 &#8211; la visione di sviluppo proposta dalla Fondazione, come da proprio Dna, l\u2019attenzione verso le persone pi\u00f9 fragili, escluse o rinchiuse.<\/p>\n<p>Per questo,\u00a0 in apertura, si \u00e8 discusso di un sistema sanitario capace di rimettere al centro le persone, integrando la cura con il recupero di forme di socialit\u00e0 spesso negate da percorsi che tendono a istituzionalizzare il paziente. La proposta di legge sul Budget di Salute, attualmente in discussione in Commissione alla Camera, riprende questi principi, gi\u00e0 sperimentati in maniera avanzata dalla Fondazione di Comunit\u00e0 di Messina con il progetto \u201cLuce \u00e8 Libert\u00e0\u201d che ha permesso di liberare 56 persone dall\u2019Ospedale Psichiatrico Giudiziario di Barcellona Pozzo di Gotto. Sul tema, al Festival, \u00e8 intervenuta ieri la Sottosegretaria al Ministero della Salute, Sandra Zampa. \u201c\u00c8 tempo di rendere concreta l\u2019integrazione tra sistema sanitario e sistema sociale ed \u00e8 tempo di dare risposte nuove alle persone fragili e alle loro famiglie. Il budget di salute &#8211; ha detto Zampa &#8211; \u00e8 uno strumento straordinario per andare in questa direzione. Sono perci\u00f2 molto grata agli amici dell\u2019Horcynus Lab Festival e a Gaetano Giunta della Fondazione di Comunit\u00e0 di Messina per avere oggi avviato un confronto sul budget di salute quale strumento di cura e sostegno alle persone fragili ma anche di crescita della comunit\u00e0\u201d.<\/p>\n<p>Oggi, all\u2019Horcynus Lab Festival, \u00e8 in corso un workshop organizzato in collaborazione con ECFI (European Community Foundation Initiative), Assifero e ASviS (Alleanza Italiana per lo Sviluppo Sostenibile) coordinato da Carola Carazzone, segretario generale di Assifero e Jams Magowan, co-director di ECFI. Il workshop \u00e8 dedicato alle Fondazioni di Comunit\u00e0 italiane. Si ragiona su perch\u00e9 e in che modo queste possano collegare il proprio agire agli Obiettivi di Sviluppo Sostenibile dell\u2019Onu\u00a0 (SDGs).<\/p>\n<\/div>\n","protected":false},"excerpt":{"rendered":"<p>Ha preso il via Ghadaan, nuova edizione dell\u2019Horcynus Lab Festival, in corso al Parco Horcynus Orca di Capo Peloro fino al 23 settembre. Tre giorni di incontri e seminari, in<\/p>\n","protected":false},"author":2,"featured_media":268,"comment_status":"open","ping_status":"open","sticky":false,"template":"","format":"standard","meta":{"footnotes":""},"categories":[1],"tags":[],"class_list":["post-728","post","type-post","status-publish","format-standard","has-post-thumbnail","hentry","category-senza-categoria"],"_links":{"self":[{"href":"https:\/\/www.ilserveronline.net\/fdc2020\/wp-json\/wp\/v2\/posts\/728","targetHints":{"allow":["GET"]}}],"collection":[{"href":"https:\/\/www.ilserveronline.net\/fdc2020\/wp-json\/wp\/v2\/posts"}],"about":[{"href":"https:\/\/www.ilserveronline.net\/fdc2020\/wp-json\/wp\/v2\/types\/post"}],"author":[{"embeddable":true,"href":"https:\/\/www.ilserveronline.net\/fdc2020\/wp-json\/wp\/v2\/users\/2"}],"replies":[{"embeddable":true,"href":"https:\/\/www.ilserveronline.net\/fdc2020\/wp-json\/wp\/v2\/comments?post=728"}],"version-history":[{"count":5,"href":"https:\/\/www.ilserveronline.net\/fdc2020\/wp-json\/wp\/v2\/posts\/728\/revisions"}],"predecessor-version":[{"id":2334,"href":"https:\/\/www.ilserveronline.net\/fdc2020\/wp-json\/wp\/v2\/posts\/728\/revisions\/2334"}],"wp:featuredmedia":[{"embeddable":true,"href":"https:\/\/www.ilserveronline.net\/fdc2020\/wp-json\/wp\/v2\/media\/268"}],"wp:attachment":[{"href":"https:\/\/www.ilserveronline.net\/fdc2020\/wp-json\/wp\/v2\/media?parent=728"}],"wp:term":[{"taxonomy":"category","embeddable":true,"href":"https:\/\/www.ilserveronline.net\/fdc2020\/wp-json\/wp\/v2\/categories?post=728"},{"taxonomy":"post_tag","embeddable":true,"href":"https:\/\/www.ilserveronline.net\/fdc2020\/wp-json\/wp\/v2\/tags?post=728"}],"curies":[{"name":"wp","href":"https:\/\/api.w.org\/{rel}","templated":true}]}}