{"id":524,"date":"2021-03-07T15:28:07","date_gmt":"2021-03-07T14:28:07","guid":{"rendered":"http:\/\/www.ilserveronline.net\/fdc2020\/?p=524"},"modified":"2021-09-17T22:23:10","modified_gmt":"2021-09-17T20:23:10","slug":"il-tempo-e-ora-il-forum-dd-celebra-i-suoi-tre-anni-con-un-video","status":"publish","type":"post","link":"https:\/\/www.ilserveronline.net\/fdc2020\/2021\/03\/07\/il-tempo-e-ora-il-forum-dd-celebra-i-suoi-tre-anni-con-un-video\/","title":{"rendered":"Il tempo \u00e8 ora. Il Forum DD celebra i suoi tre anni con un video"},"content":{"rendered":"<div align=\"justify\">\n<p>A tre anni dalla sua nascita, il\u00a0<strong>Forum Disuguaglianze e Diversit\u00e0<\/strong>, di cui la Fondazione di Comunit\u00e0 di Messina \u00e8 fra i co-fondatori, racconta in un video l\u2019essenza di un impegno volto a contrastare le crescenti\u00a0<strong> disuguaglianze <\/strong>economiche, sociali e di riconoscimento, esacerbate dal diffondersi della pandemia.<\/p>\n<p>Poco pi\u00f9 di\u00a0<a href=\"https:\/\/youtu.be\/lCjIVXcqtyE\"><strong>due minuti di video<\/strong><\/a>\u00a0per ribadire con forza come i temi affrontati dal Forum siano ancora, purtroppo, urgenze di estrema attualit\u00e0: \u201csiamo pronti a continuare ad avanzare proposte per la\u00a0<strong>giustizia sociale e ambientale<\/strong>\u00a0\u2013\u00a0\u00a0\u2013 e crediamo che oggi con ancora pi\u00f9 forza vada ribadito che l\u2019alternativa esiste. E che il\u00a0<strong>Piano Nazionale di Ripresa e Resilienza<\/strong>\u00a0sia un\u2019occasione irripetibile per disegnare una strategia-paese per l\u2019Italia dei prossimi anni. Per questo\u00a0<strong>chiediamo al Governo<\/strong>\u00a0che non si chiuda nelle stanze a scrivere il Piano ma si apra al dialogo sociale, l\u2019unica strada perch\u00e9 gli interventi siano costruiti anche attorno ai tanti\u00a0<strong>saperi delle organizzazioni del lavoro, dell\u2019impresa e della cittadinanza attiva<\/strong>\u00a0e siano cos\u00ec condivisi, spianando la strada alla delicata ma cruciale fase attuativa del Piano. Crediamo che\u00a0<strong>le nostre proposte<\/strong> siano oggi pi\u00f9 attuali che mai e lo sono anche grazie alle persone che le hanno lette, discusse, commentate e modificate. E che hanno deciso di lavorare insieme a noi, costruendo salde alleanze\u201d.<\/p>\n<p>Per maggiori info:<br \/>\n<a href=\"https:\/\/www.forumdisuguaglianzediversita.org\/\">https:\/\/www.forumdisuguaglianzediversita.org\/<\/a><\/p>\n<\/div>\n","protected":false},"excerpt":{"rendered":"<p>A tre anni dalla sua nascita, il\u00a0Forum Disuguaglianze e Diversit\u00e0, di cui la Fondazione di Comunit\u00e0 di Messina \u00e8 fra i co-fondatori, racconta in un video l\u2019essenza di un impegno<\/p>\n","protected":false},"author":2,"featured_media":525,"comment_status":"open","ping_status":"open","sticky":false,"template":"","format":"standard","meta":{"footnotes":""},"categories":[1],"tags":[],"class_list":["post-524","post","type-post","status-publish","format-standard","has-post-thumbnail","hentry","category-senza-categoria"],"_links":{"self":[{"href":"https:\/\/www.ilserveronline.net\/fdc2020\/wp-json\/wp\/v2\/posts\/524","targetHints":{"allow":["GET"]}}],"collection":[{"href":"https:\/\/www.ilserveronline.net\/fdc2020\/wp-json\/wp\/v2\/posts"}],"about":[{"href":"https:\/\/www.ilserveronline.net\/fdc2020\/wp-json\/wp\/v2\/types\/post"}],"author":[{"embeddable":true,"href":"https:\/\/www.ilserveronline.net\/fdc2020\/wp-json\/wp\/v2\/users\/2"}],"replies":[{"embeddable":true,"href":"https:\/\/www.ilserveronline.net\/fdc2020\/wp-json\/wp\/v2\/comments?post=524"}],"version-history":[{"count":8,"href":"https:\/\/www.ilserveronline.net\/fdc2020\/wp-json\/wp\/v2\/posts\/524\/revisions"}],"predecessor-version":[{"id":2131,"href":"https:\/\/www.ilserveronline.net\/fdc2020\/wp-json\/wp\/v2\/posts\/524\/revisions\/2131"}],"wp:featuredmedia":[{"embeddable":true,"href":"https:\/\/www.ilserveronline.net\/fdc2020\/wp-json\/wp\/v2\/media\/525"}],"wp:attachment":[{"href":"https:\/\/www.ilserveronline.net\/fdc2020\/wp-json\/wp\/v2\/media?parent=524"}],"wp:term":[{"taxonomy":"category","embeddable":true,"href":"https:\/\/www.ilserveronline.net\/fdc2020\/wp-json\/wp\/v2\/categories?post=524"},{"taxonomy":"post_tag","embeddable":true,"href":"https:\/\/www.ilserveronline.net\/fdc2020\/wp-json\/wp\/v2\/tags?post=524"}],"curies":[{"name":"wp","href":"https:\/\/api.w.org\/{rel}","templated":true}]}}