{"id":2454,"date":"2021-07-30T06:47:13","date_gmt":"2021-07-30T04:47:13","guid":{"rendered":"http:\/\/www.ilserveronline.net\/fdc2020\/?p=2454"},"modified":"2021-09-27T06:49:44","modified_gmt":"2021-09-27T04:49:44","slug":"lassociazione-comunita-energetica-di-fondo-sacca-seleziona-un-fornitore-di-servizi-tecnic","status":"publish","type":"post","link":"https:\/\/www.ilserveronline.net\/fdc2020\/2021\/07\/30\/lassociazione-comunita-energetica-di-fondo-sacca-seleziona-un-fornitore-di-servizi-tecnic\/","title":{"rendered":"L\u2019Associazione Comunit\u00e0 Energetica di Fondo Sacc\u00e0 seleziona un fornitore di servizi tecnica"},"content":{"rendered":"<article>La Fondazione di Comunit\u00e0 di Messina O.n.l.u.s., in qualit\u00e0 di socio fondatrice dell\u2019Associazione Comunit\u00e0 Energetica di Fondo Sacc\u00e0 \u2013 E.T.S., pubblica su questo sito un Avviso promosso dalla stessa Associazione.In particolare, l\u2019Associazione intende selezionare un fornitore di servizi di assistenza tecnica che la supporti nella finalizzazione della Comunit\u00e0 Energetica Rinnovabile solidale, realizzata all\u2019interno del quartiere di Fonda Sacc\u00e0 a Messina, e nella replica dell\u2019iniziativa in altri tre contesti territoriali, costituendo nuove Comunit\u00e0 Energetiche Rinnovabili solidali a Mirabella Imbaccari (CT), nell\u2019isola di Salina (ME) e successivamente a Casalvecchio Siculo (ME).<\/p>\n<p>Le realt\u00e0 interessate possono trovare tutti i dettagli nel documento dell\u2019<strong><a href=\"http:\/\/www.fdcmessina.org\/wp-content\/uploads\/2021\/07\/AVVISO_v10.pdf\">AVVISO<\/a><\/strong>\u00a0e nei relativi\u00a0<a href=\"http:\/\/www.fdcmessina.org\/wp-content\/uploads\/2021\/07\/ALLEGATI_FECOS.zip\"><strong>ALLEGATI<\/strong><\/a>. La scadenza per l\u2019invio delle offerte \u00e8 il\u00a0giorno 31\/08\/2021.<\/p>\n<\/article>\n","protected":false},"excerpt":{"rendered":"<p>La Fondazione di Comunit\u00e0 di Messina O.n.l.u.s., in qualit\u00e0 di socio fondatrice dell\u2019Associazione Comunit\u00e0 Energetica di Fondo Sacc\u00e0 \u2013 E.T.S., pubblica su questo sito un Avviso promosso dalla stessa Associazione.In<\/p>\n","protected":false},"author":2,"featured_media":719,"comment_status":"open","ping_status":"open","sticky":false,"template":"","format":"standard","meta":{"footnotes":""},"categories":[1],"tags":[],"class_list":["post-2454","post","type-post","status-publish","format-standard","has-post-thumbnail","hentry","category-senza-categoria"],"_links":{"self":[{"href":"https:\/\/www.ilserveronline.net\/fdc2020\/wp-json\/wp\/v2\/posts\/2454","targetHints":{"allow":["GET"]}}],"collection":[{"href":"https:\/\/www.ilserveronline.net\/fdc2020\/wp-json\/wp\/v2\/posts"}],"about":[{"href":"https:\/\/www.ilserveronline.net\/fdc2020\/wp-json\/wp\/v2\/types\/post"}],"author":[{"embeddable":true,"href":"https:\/\/www.ilserveronline.net\/fdc2020\/wp-json\/wp\/v2\/users\/2"}],"replies":[{"embeddable":true,"href":"https:\/\/www.ilserveronline.net\/fdc2020\/wp-json\/wp\/v2\/comments?post=2454"}],"version-history":[{"count":2,"href":"https:\/\/www.ilserveronline.net\/fdc2020\/wp-json\/wp\/v2\/posts\/2454\/revisions"}],"predecessor-version":[{"id":2456,"href":"https:\/\/www.ilserveronline.net\/fdc2020\/wp-json\/wp\/v2\/posts\/2454\/revisions\/2456"}],"wp:featuredmedia":[{"embeddable":true,"href":"https:\/\/www.ilserveronline.net\/fdc2020\/wp-json\/wp\/v2\/media\/719"}],"wp:attachment":[{"href":"https:\/\/www.ilserveronline.net\/fdc2020\/wp-json\/wp\/v2\/media?parent=2454"}],"wp:term":[{"taxonomy":"category","embeddable":true,"href":"https:\/\/www.ilserveronline.net\/fdc2020\/wp-json\/wp\/v2\/categories?post=2454"},{"taxonomy":"post_tag","embeddable":true,"href":"https:\/\/www.ilserveronline.net\/fdc2020\/wp-json\/wp\/v2\/tags?post=2454"}],"curies":[{"name":"wp","href":"https:\/\/api.w.org\/{rel}","templated":true}]}}