{"id":2138,"date":"2021-09-15T13:36:16","date_gmt":"2021-09-15T11:36:16","guid":{"rendered":"http:\/\/www.ilserveronline.net\/fdc2020\/?p=2138"},"modified":"2021-09-17T22:09:56","modified_gmt":"2021-09-17T20:09:56","slug":"climate-solution-forum-29-e-30-settembre-a-miano-ci-saremo-anche-noi","status":"publish","type":"post","link":"https:\/\/www.ilserveronline.net\/fdc2020\/2021\/09\/15\/climate-solution-forum-29-e-30-settembre-a-miano-ci-saremo-anche-noi\/","title":{"rendered":"Climate Solutions Forum, 29 e 30 settembre. A Milano ci saremo anche noi"},"content":{"rendered":"<div align=\"justify\">\n<p>Il Segretario Generale della Fondazione di Comunit\u00e0 di Messina Gaetano Giunta e il Project Manager della Fondazione Giacomo Pinaffo saranno presenti come speaker al <strong>\u201cClimate Solutions Forum 2021\u201d.<\/strong><\/p>\n<\/div>\n<p>&nbsp;<\/p>\n<p>Il Climate Solutions Forum 2021 si terr\u00e0 il <strong>29 e 30 settembre a Milano<\/strong>, ospitato dalla Fondazione Cariplo e promosso dalla piattaforma F20 &#8211; network formato da pi\u00f9 di 60 Fondazioni ed Enti filantropici di tutto il mondo &#8211; di cui la Fondazione di Comunit\u00e0 di Messina \u00e8 socia.<\/p>\n<div align=\"justify\">\n<p>I lavori di questa edizione prenderanno spunto dalle esperienze e raccomandazioni alle nazioni del G20 emerse dalla \u201c<em>Climate Solution Week<\/em>\u201d del 2020 e faranno da apripista alla riunione preparatoria che anticipa ogni Conferenza delle Parti della Convenzione Quadro delle Nazioni Unite sui cambiamenti climatici (PRE-COP SUMMIT, a Milano dal 30 settembre al 2 ottobre) e al G20, quest\u2019anno a presidenza italiana, che si terr\u00e0 a fine ottobre e si svilupper\u00e0 su tre pilastri tematici: persone, pianeta, prosperit\u00e0.<\/p>\n<p>Numerosi esperti tra scienza, politica, economia e filantropia avvieranno una discussione sull\u2019importanza del prossimo vertice del G20 cos\u00ec come la 26esima Conferenza delle Nazioni Unite sul clima (COP26) e la 15esima Conferenza delle Nazioni Unite sulla biodiversit\u00e0 (COP15) e condivideranno le loro esperienze e competenze per ragionare su alcune tra le pi\u00f9 grandi sfide della nostra epoca: dalla crisi pandemica ai cambiamenti climatici, dal sostegno all\u2019innovazione alla lotta contro povert\u00e0 e disuguaglianze.<\/p>\n<p>Si parler\u00e0 di salute, cibo e biodiversit\u00e0, di come plasmare una visione comune per una produzione alimentare che sia resiliente, rigenerativa e sana. E ancora: di transizione verde e del ruolo della finanza etica per superare la crisi globale.<\/p>\n<p>I risultati di queste due giornate saranno tradotti in una serie di linee guida e raccomandazioni per i capi di Stato e di governo del G20.<\/p>\n<p>Sar\u00e0 possibile seguire l\u2019evento online.<\/p>\n<p><a href=\"https:\/\/www.eventbrite.it\/e\/f20-climate-solutions-forum-registration-163474971039\">Qui il link a cui registrarsi per partecipare<\/a>.<\/p>\n<p>Per ulteriori informazioni sul Forum visita il sito F20:<br \/>\n<a href=\"https:\/\/www.foundations-20.org\/f20csf2021\/\" target=\"_blank\" rel=\"noopener\">https:\/\/www.foundations-20.org\/f20csf2021\/<\/a><\/p>\n<\/div>\n","protected":false},"excerpt":{"rendered":"<p>Il Segretario Generale della Fondazione di Comunit\u00e0 di Messina Gaetano Giunta e il Project Manager della Fondazione Giacomo Pinaffo saranno presenti come speaker al \u201cClimate Solutions Forum 2021\u201d. &nbsp; Il<\/p>\n","protected":false},"author":2,"featured_media":2139,"comment_status":"open","ping_status":"open","sticky":false,"template":"","format":"standard","meta":{"footnotes":""},"categories":[1],"tags":[],"class_list":["post-2138","post","type-post","status-publish","format-standard","has-post-thumbnail","hentry","category-senza-categoria"],"_links":{"self":[{"href":"https:\/\/www.ilserveronline.net\/fdc2020\/wp-json\/wp\/v2\/posts\/2138","targetHints":{"allow":["GET"]}}],"collection":[{"href":"https:\/\/www.ilserveronline.net\/fdc2020\/wp-json\/wp\/v2\/posts"}],"about":[{"href":"https:\/\/www.ilserveronline.net\/fdc2020\/wp-json\/wp\/v2\/types\/post"}],"author":[{"embeddable":true,"href":"https:\/\/www.ilserveronline.net\/fdc2020\/wp-json\/wp\/v2\/users\/2"}],"replies":[{"embeddable":true,"href":"https:\/\/www.ilserveronline.net\/fdc2020\/wp-json\/wp\/v2\/comments?post=2138"}],"version-history":[{"count":13,"href":"https:\/\/www.ilserveronline.net\/fdc2020\/wp-json\/wp\/v2\/posts\/2138\/revisions"}],"predecessor-version":[{"id":2346,"href":"https:\/\/www.ilserveronline.net\/fdc2020\/wp-json\/wp\/v2\/posts\/2138\/revisions\/2346"}],"wp:featuredmedia":[{"embeddable":true,"href":"https:\/\/www.ilserveronline.net\/fdc2020\/wp-json\/wp\/v2\/media\/2139"}],"wp:attachment":[{"href":"https:\/\/www.ilserveronline.net\/fdc2020\/wp-json\/wp\/v2\/media?parent=2138"}],"wp:term":[{"taxonomy":"category","embeddable":true,"href":"https:\/\/www.ilserveronline.net\/fdc2020\/wp-json\/wp\/v2\/categories?post=2138"},{"taxonomy":"post_tag","embeddable":true,"href":"https:\/\/www.ilserveronline.net\/fdc2020\/wp-json\/wp\/v2\/tags?post=2138"}],"curies":[{"name":"wp","href":"https:\/\/api.w.org\/{rel}","templated":true}]}}